{"id":963,"date":"2024-05-04T08:08:45","date_gmt":"2024-05-04T13:08:45","guid":{"rendered":"https:\/\/ucentral.org\/informativo\/?p=963"},"modified":"2024-05-04T08:08:45","modified_gmt":"2024-05-04T13:08:45","slug":"invitacion-al-evento-mujeres-geometras-desde-la-linea-ecuatorial","status":"publish","type":"post","link":"https:\/\/ucentral.org\/informativo\/index.php\/2024\/05\/04\/invitacion-al-evento-mujeres-geometras-desde-la-linea-ecuatorial\/","title":{"rendered":"Invitaci\u00f3n al evento &#8220;Mujeres ge\u00f3metras desde la l\u00ednea ecuatorial&#8221;"},"content":{"rendered":"\n<p>Nuestros docentes de la Facultad de Ciencias de la Universidad Central <strong>Ph.D. Yasmina Atarihuana<\/strong> y <strong>Ph.D. Juan Carlos Garc\u00eda<\/strong> invitan al evento organizado por el Grupo de Geometr\u00eda Ecuador (GGEc), <strong>\u201cMUJERES GE\u00d3METRAS DESDE LA L\u00cdNEA ECUATORIAL\u201d<\/strong>, el cual se desarrollar\u00e1 en modalidad h\u00edbrida, del 6 al 10 de mayo. Este encuentro se realiza con el objetivo de resaltar y celebrar las contribuciones de las mujeres en el \u00e1mbito de la Geometr\u00eda, coincidiendo su realizaci\u00f3n con el 8 de mayo, D\u00eda Internacional de la Mujer Matem\u00e1tica, en dicho encuentro se realizar\u00e1n conferencias magistrales y un curso intensivo titulado \u201cC\u00e1lculo tensorial en variedades diferenciales\u201d.<\/p>\n\n\n\n<p>El registro para el encuentro se lo puede realizar mediante el link: <a href=\"https:\/\/forms.gle\/z2twaw2AaHzYrsCT7\">https:\/\/forms.gle\/z2twaw2AaHzYrsCT7<\/a><\/p>\n","protected":false},"excerpt":{"rendered":"<p>Nuestros docentes de la Facultad de Ciencias de la Universidad Central Ph.D. Yasmina Atarihuana y Ph.D. Juan Carlos Garc\u00eda invitan al evento organizado por el Grupo de Geometr\u00eda Ecuador (GGEc), \u201cMUJERES GE\u00d3METRAS DESDE LA L\u00cdNEA ECUATORIAL\u201d, el cual se desarrollar\u00e1 en modalidad h\u00edbrida, del 6 al 10 de mayo. Este encuentro se realiza con el [&hellip;]<\/p>\n","protected":false},"author":2,"featured_media":965,"comment_status":"closed","ping_status":"closed","sticky":false,"template":"","format":"standard","meta":{"footnotes":""},"categories":[13,164,6],"tags":[228,227],"class_list":["post-963","post","type-post","status-publish","format-standard","has-post-thumbnail","hentry","category-cursos-seminarios","category-eventos","category-noticias","tag-geometras","tag-mujeres"],"_links":{"self":[{"href":"https:\/\/ucentral.org\/informativo\/index.php\/wp-json\/wp\/v2\/posts\/963","targetHints":{"allow":["GET"]}}],"collection":[{"href":"https:\/\/ucentral.org\/informativo\/index.php\/wp-json\/wp\/v2\/posts"}],"about":[{"href":"https:\/\/ucentral.org\/informativo\/index.php\/wp-json\/wp\/v2\/types\/post"}],"author":[{"embeddable":true,"href":"https:\/\/ucentral.org\/informativo\/index.php\/wp-json\/wp\/v2\/users\/2"}],"replies":[{"embeddable":true,"href":"https:\/\/ucentral.org\/informativo\/index.php\/wp-json\/wp\/v2\/comments?post=963"}],"version-history":[{"count":1,"href":"https:\/\/ucentral.org\/informativo\/index.php\/wp-json\/wp\/v2\/posts\/963\/revisions"}],"predecessor-version":[{"id":966,"href":"https:\/\/ucentral.org\/informativo\/index.php\/wp-json\/wp\/v2\/posts\/963\/revisions\/966"}],"wp:featuredmedia":[{"embeddable":true,"href":"https:\/\/ucentral.org\/informativo\/index.php\/wp-json\/wp\/v2\/media\/965"}],"wp:attachment":[{"href":"https:\/\/ucentral.org\/informativo\/index.php\/wp-json\/wp\/v2\/media?parent=963"}],"wp:term":[{"taxonomy":"category","embeddable":true,"href":"https:\/\/ucentral.org\/informativo\/index.php\/wp-json\/wp\/v2\/categories?post=963"},{"taxonomy":"post_tag","embeddable":true,"href":"https:\/\/ucentral.org\/informativo\/index.php\/wp-json\/wp\/v2\/tags?post=963"}],"curies":[{"name":"wp","href":"https:\/\/api.w.org\/{rel}","templated":true}]}}