{"id":967,"date":"2024-05-06T12:59:26","date_gmt":"2024-05-06T17:59:26","guid":{"rendered":"https:\/\/ucentral.org\/informativo\/?p=967"},"modified":"2024-05-06T12:59:27","modified_gmt":"2024-05-06T17:59:27","slug":"agradecimiento-especial-al-profesor-danilo-gortaire-por-su-dedicacion-a-la-ensenanza-de-las-matematicas","status":"publish","type":"post","link":"https:\/\/ucentral.org\/informativo\/index.php\/2024\/05\/06\/agradecimiento-especial-al-profesor-danilo-gortaire-por-su-dedicacion-a-la-ensenanza-de-las-matematicas\/","title":{"rendered":"Agradecimiento Especial al Profesor Danilo Gortaire por su Dedicaci\u00f3n a la Ense\u00f1anza de las Matem\u00e1ticas"},"content":{"rendered":"\n<p>Queremos aprovechar este espacio para expresar nuestro m\u00e1s profundo agradecimiento al profesor <strong>Danilo Gortaire,<\/strong> quien despu\u00e9s de muchos a\u00f1os de dedicaci\u00f3n a la ense\u00f1anza de las matem\u00e1ticas en la Universidad Central y en especial en la Facultad de Ciencias, ha decidido acogerse a la jubilaci\u00f3n.<\/p>\n\n\n\n<p>Danilo ha sido clave en la formaci\u00f3n de los estudiantes de nuestra facultad, a quienes les ha transmitido no solo sus conocimientos, sino tambi\u00e9n valores humanos. Su pasi\u00f3n por la ense\u00f1anza y su compromiso con la excelencia acad\u00e9mica han dejado una huella imborrable en todos aquellos que tuvieron la fortuna de ser sus alumnos.<\/p>\n\n\n\n<p class=\"has-text-align-center has-medium-font-size\">\u00a1Danilo te deseamos lo mejor en esta nueva etapa de tu vida!<\/p>\n\n\n\n<p class=\"has-text-align-center\"><strong><em>Tus compa\u00f1eros y estudiantes de la Facultad de Ciencias<\/em><\/strong><\/p>\n","protected":false},"excerpt":{"rendered":"<p>Queremos aprovechar este espacio para expresar nuestro m\u00e1s profundo agradecimiento al profesor Danilo Gortaire, quien despu\u00e9s de muchos a\u00f1os de dedicaci\u00f3n a la ense\u00f1anza de las matem\u00e1ticas en la Universidad Central y en especial en la Facultad de Ciencias, ha decidido acogerse a la jubilaci\u00f3n. Danilo ha sido clave en la formaci\u00f3n de los estudiantes [&hellip;]<\/p>\n","protected":false},"author":2,"featured_media":968,"comment_status":"open","ping_status":"closed","sticky":false,"template":"","format":"standard","meta":{"footnotes":""},"categories":[6],"tags":[230,229],"class_list":["post-967","post","type-post","status-publish","format-standard","has-post-thumbnail","hentry","category-noticias","tag-docente","tag-jubilacion"],"_links":{"self":[{"href":"https:\/\/ucentral.org\/informativo\/index.php\/wp-json\/wp\/v2\/posts\/967","targetHints":{"allow":["GET"]}}],"collection":[{"href":"https:\/\/ucentral.org\/informativo\/index.php\/wp-json\/wp\/v2\/posts"}],"about":[{"href":"https:\/\/ucentral.org\/informativo\/index.php\/wp-json\/wp\/v2\/types\/post"}],"author":[{"embeddable":true,"href":"https:\/\/ucentral.org\/informativo\/index.php\/wp-json\/wp\/v2\/users\/2"}],"replies":[{"embeddable":true,"href":"https:\/\/ucentral.org\/informativo\/index.php\/wp-json\/wp\/v2\/comments?post=967"}],"version-history":[{"count":1,"href":"https:\/\/ucentral.org\/informativo\/index.php\/wp-json\/wp\/v2\/posts\/967\/revisions"}],"predecessor-version":[{"id":969,"href":"https:\/\/ucentral.org\/informativo\/index.php\/wp-json\/wp\/v2\/posts\/967\/revisions\/969"}],"wp:featuredmedia":[{"embeddable":true,"href":"https:\/\/ucentral.org\/informativo\/index.php\/wp-json\/wp\/v2\/media\/968"}],"wp:attachment":[{"href":"https:\/\/ucentral.org\/informativo\/index.php\/wp-json\/wp\/v2\/media?parent=967"}],"wp:term":[{"taxonomy":"category","embeddable":true,"href":"https:\/\/ucentral.org\/informativo\/index.php\/wp-json\/wp\/v2\/categories?post=967"},{"taxonomy":"post_tag","embeddable":true,"href":"https:\/\/ucentral.org\/informativo\/index.php\/wp-json\/wp\/v2\/tags?post=967"}],"curies":[{"name":"wp","href":"https:\/\/api.w.org\/{rel}","templated":true}]}}