{"id":984,"date":"2024-05-14T14:39:46","date_gmt":"2024-05-14T19:39:46","guid":{"rendered":"https:\/\/ucentral.org\/informativo\/?p=984"},"modified":"2024-05-14T14:39:47","modified_gmt":"2024-05-14T19:39:47","slug":"oportunidad-laboral-para-nuestros-graduados-de-la-facultad-de-ciencias","status":"publish","type":"post","link":"https:\/\/ucentral.org\/informativo\/index.php\/2024\/05\/14\/oportunidad-laboral-para-nuestros-graduados-de-la-facultad-de-ciencias\/","title":{"rendered":"Oportunidad laboral para nuestros graduados de la Facultad de Ciencias"},"content":{"rendered":"\n<p>Oportunidad laboral para nuestros graduados de la Facultad de Ciencias en Ingenier\u00eda Matem\u00e1tica y\/o Matem\u00e1tica y\/o Maestr\u00eda en Matem\u00e1ticas Puras y Aplicadas.<\/p>\n\n\n\n<p>Env\u00eda tu hoja de vida al correo: <a href=\"mailto:alumni@ucentral.org\" target=\"_blank\" rel=\"noreferrer noopener\">alumni@ucentral.org<\/a><\/p>\n\n\n\n<p><\/p>\n","protected":false},"excerpt":{"rendered":"<p>Oportunidad laboral para nuestros graduados de la Facultad de Ciencias en Ingenier\u00eda Matem\u00e1tica y\/o Matem\u00e1tica y\/o Maestr\u00eda en Matem\u00e1ticas Puras y Aplicadas. Env\u00eda tu hoja de vida al correo: alumni@ucentral.org<\/p>\n","protected":false},"author":2,"featured_media":985,"comment_status":"closed","ping_status":"closed","sticky":false,"template":"","format":"standard","meta":{"footnotes":""},"categories":[57,6],"tags":[58],"class_list":["post-984","post","type-post","status-publish","format-standard","has-post-thumbnail","hentry","category-bolsaempleo","category-noticias","tag-empleo"],"_links":{"self":[{"href":"https:\/\/ucentral.org\/informativo\/index.php\/wp-json\/wp\/v2\/posts\/984","targetHints":{"allow":["GET"]}}],"collection":[{"href":"https:\/\/ucentral.org\/informativo\/index.php\/wp-json\/wp\/v2\/posts"}],"about":[{"href":"https:\/\/ucentral.org\/informativo\/index.php\/wp-json\/wp\/v2\/types\/post"}],"author":[{"embeddable":true,"href":"https:\/\/ucentral.org\/informativo\/index.php\/wp-json\/wp\/v2\/users\/2"}],"replies":[{"embeddable":true,"href":"https:\/\/ucentral.org\/informativo\/index.php\/wp-json\/wp\/v2\/comments?post=984"}],"version-history":[{"count":1,"href":"https:\/\/ucentral.org\/informativo\/index.php\/wp-json\/wp\/v2\/posts\/984\/revisions"}],"predecessor-version":[{"id":986,"href":"https:\/\/ucentral.org\/informativo\/index.php\/wp-json\/wp\/v2\/posts\/984\/revisions\/986"}],"wp:featuredmedia":[{"embeddable":true,"href":"https:\/\/ucentral.org\/informativo\/index.php\/wp-json\/wp\/v2\/media\/985"}],"wp:attachment":[{"href":"https:\/\/ucentral.org\/informativo\/index.php\/wp-json\/wp\/v2\/media?parent=984"}],"wp:term":[{"taxonomy":"category","embeddable":true,"href":"https:\/\/ucentral.org\/informativo\/index.php\/wp-json\/wp\/v2\/categories?post=984"},{"taxonomy":"post_tag","embeddable":true,"href":"https:\/\/ucentral.org\/informativo\/index.php\/wp-json\/wp\/v2\/tags?post=984"}],"curies":[{"name":"wp","href":"https:\/\/api.w.org\/{rel}","templated":true}]}}