{"id":990,"date":"2024-05-14T18:33:31","date_gmt":"2024-05-14T23:33:31","guid":{"rendered":"https:\/\/ucentral.org\/informativo\/?p=990"},"modified":"2024-05-14T18:33:31","modified_gmt":"2024-05-14T23:33:31","slug":"2da-conferencia-internacional-de-la-sociedad-panamericana-de-metodos-de-modelado-en-ingenieria-y-ciencias-aplicadas","status":"publish","type":"post","link":"https:\/\/ucentral.org\/informativo\/index.php\/2024\/05\/14\/2da-conferencia-internacional-de-la-sociedad-panamericana-de-metodos-de-modelado-en-ingenieria-y-ciencias-aplicadas\/","title":{"rendered":"2da Conferencia Internacional de la Sociedad Panamericana de M\u00e9todos de Modelado en Ingenier\u00eda y Ciencias Aplicadas"},"content":{"rendered":"\n<p>La Facultad de Filosof\u00eda, Letras y Ciencias de la Educaci\u00f3n remite informaci\u00f3n sobre la 2da Conferencia Internacional de la Sociedad Panamericana de M\u00e9todos de Modelado en Ingenier\u00eda y Ciencias Aplicadas (PanaSoMM-2024) a realizarse el 22 y 23 de mayo de 2024. Adjunto remitimos el cronograma de conferencias.<\/p>\n\n\n\n<p>\ud83d\udcccQuito, Ecuador \u2013 Universidad Central del Ecuador<\/p>\n\n\n\n<p>\u2705Registra tu asistencia al Congreso en el link o QR: <a href=\"https:\/\/docs.google.com\/forms\/d\/e\/1FAIpQLSdjWB9fYw_pzt6b2n55fSeEDT7v4FyfwK5SaGDLxpjFbqFDmw\/viewform?usp=send_form\" target=\"_blank\" rel=\"noreferrer noopener\">https:\/\/docs.google.com\/forms\/d\/e\/1FAIpQLSdjWB9fYw_pzt6b2n55fSeEDT7v4FyfwK5SaGDLxpjFbqFDmw\/viewform?usp=send_form<\/a><\/p>\n","protected":false},"excerpt":{"rendered":"<p>La Facultad de Filosof\u00eda, Letras y Ciencias de la Educaci\u00f3n remite informaci\u00f3n sobre la 2da Conferencia Internacional de la Sociedad Panamericana de M\u00e9todos de Modelado en Ingenier\u00eda y Ciencias Aplicadas (PanaSoMM-2024) a realizarse el 22 y 23 de mayo de 2024. Adjunto remitimos el cronograma de conferencias. \ud83d\udcccQuito, Ecuador \u2013 Universidad Central del Ecuador \u2705Registra [&hellip;]<\/p>\n","protected":false},"author":2,"featured_media":991,"comment_status":"closed","ping_status":"closed","sticky":false,"template":"","format":"standard","meta":{"footnotes":""},"categories":[164,6],"tags":[82],"class_list":["post-990","post","type-post","status-publish","format-standard","has-post-thumbnail","hentry","category-eventos","category-noticias","tag-conferencia"],"_links":{"self":[{"href":"https:\/\/ucentral.org\/informativo\/index.php\/wp-json\/wp\/v2\/posts\/990","targetHints":{"allow":["GET"]}}],"collection":[{"href":"https:\/\/ucentral.org\/informativo\/index.php\/wp-json\/wp\/v2\/posts"}],"about":[{"href":"https:\/\/ucentral.org\/informativo\/index.php\/wp-json\/wp\/v2\/types\/post"}],"author":[{"embeddable":true,"href":"https:\/\/ucentral.org\/informativo\/index.php\/wp-json\/wp\/v2\/users\/2"}],"replies":[{"embeddable":true,"href":"https:\/\/ucentral.org\/informativo\/index.php\/wp-json\/wp\/v2\/comments?post=990"}],"version-history":[{"count":1,"href":"https:\/\/ucentral.org\/informativo\/index.php\/wp-json\/wp\/v2\/posts\/990\/revisions"}],"predecessor-version":[{"id":992,"href":"https:\/\/ucentral.org\/informativo\/index.php\/wp-json\/wp\/v2\/posts\/990\/revisions\/992"}],"wp:featuredmedia":[{"embeddable":true,"href":"https:\/\/ucentral.org\/informativo\/index.php\/wp-json\/wp\/v2\/media\/991"}],"wp:attachment":[{"href":"https:\/\/ucentral.org\/informativo\/index.php\/wp-json\/wp\/v2\/media?parent=990"}],"wp:term":[{"taxonomy":"category","embeddable":true,"href":"https:\/\/ucentral.org\/informativo\/index.php\/wp-json\/wp\/v2\/categories?post=990"},{"taxonomy":"post_tag","embeddable":true,"href":"https:\/\/ucentral.org\/informativo\/index.php\/wp-json\/wp\/v2\/tags?post=990"}],"curies":[{"name":"wp","href":"https:\/\/api.w.org\/{rel}","templated":true}]}}