{"id":993,"date":"2024-05-15T12:20:39","date_gmt":"2024-05-15T17:20:39","guid":{"rendered":"https:\/\/ucentral.org\/informativo\/?p=993"},"modified":"2024-05-15T13:29:01","modified_gmt":"2024-05-15T18:29:01","slug":"ciencia-central-impulsa-el-proyecto-de-laboratorio-virtual-de-anatomia-humana-en-colaboracion-con-la-universidad-estatal-del-chimborazo-y-la-universidad-del-azuay","status":"publish","type":"post","link":"https:\/\/ucentral.org\/informativo\/index.php\/2024\/05\/15\/ciencia-central-impulsa-el-proyecto-de-laboratorio-virtual-de-anatomia-humana-en-colaboracion-con-la-universidad-estatal-del-chimborazo-y-la-universidad-del-azuay\/","title":{"rendered":"El grupo de Investigaci\u00f3n Ciencia Central de la Universidad Central inicia el proyecto de Laboratorio Virtual de Anatom\u00eda Humana en colaboraci\u00f3n con otras Universidades del pa\u00eds"},"content":{"rendered":"\n<p>El grupo de investigaci\u00f3n e innovaci\u00f3n Ciencia Central de la Universidad Central del Ecuador, integrado por investigadores de la Facultad de Ciencias, Facultad de Ingenier\u00eda y Ciencias Aplicadas y la Facultad de Medicina, ha iniciado el proyecto de Laboratorio Virtual de Anatom\u00eda Humana, con el objetivo de contribuir a la formaci\u00f3n de profesionales de la salud mediante el uso de herramientas tecnol\u00f3gicas innovadoras.<\/p>\n\n\n\n<p>Este proyecto, que cuenta con la participaci\u00f3n de otras universidades, busca desarrollar un laboratorio virtual que permita a los estudiantes de medicina, odontolog\u00eda y carreras afines acceder a contenidos interactivos y de alta calidad sobre anatom\u00eda humana, desde cualquier lugar y en cualquier momento.<\/p>\n\n\n\n<p>El Laboratorio Virtual de Anatom\u00eda Humana incluir\u00e1 modelos 3D interactivos, im\u00e1genes de alta resoluci\u00f3n, simulaciones y recursos multimedia, que facilitar\u00e1n el aprendizaje y la comprensi\u00f3n de la estructura y funci\u00f3n del cuerpo humano. Adem\u00e1s, se espera que el laboratorio virtual contribuya a la investigaci\u00f3n cient\u00edfica y al desarrollo de nuevas tecnolog\u00edas en el \u00e1mbito de la salud.<\/p>\n\n\n\n<p>El proyecto es liderado por los docentes Bayardo Campuzano, Yuri Wladimir Garc\u00eda, Dr. Marco Guerrero, Luis Castillo, Franz Del Pozo, Geovanny Moncayo, Mauro Rosas, Daniela Velasco, Daniel Andrade como investigadores principales del grupo Ciencia Central; y con el apoyo de Dar\u00edo Cepeda de la Direcci\u00f3n de Innovaci\u00f3n y Carolina Montero de la Direcci\u00f3n de Investigaci\u00f3n.<\/p>\n\n\n\n<p>El Laboratorio Virtual de Anatom\u00eda Humana estar\u00e1 disponible para los estudiantes de las tres universidades participantes a partir del pr\u00f3ximo a\u00f1o acad\u00e9mico. El proyecto tambi\u00e9n contempla la posibilidad de ampliar su alcance a otras instituciones educativas y de salud en el futuro.<\/p>\n","protected":false},"excerpt":{"rendered":"<p>El grupo de investigaci\u00f3n e innovaci\u00f3n Ciencia Central de la Universidad Central del Ecuador, integrado por investigadores de la Facultad de Ciencias, Facultad de Ingenier\u00eda y Ciencias Aplicadas y la Facultad de Medicina, ha iniciado el proyecto de Laboratorio Virtual de Anatom\u00eda Humana, con el objetivo de contribuir a la formaci\u00f3n de profesionales de la [&hellip;]<\/p>\n","protected":false},"author":2,"featured_media":997,"comment_status":"closed","ping_status":"closed","sticky":false,"template":"","format":"standard","meta":{"footnotes":""},"categories":[112,41,6],"tags":[235,173],"class_list":["post-993","post","type-post","status-publish","format-standard","has-post-thumbnail","hentry","category-ciencia-central","category-investigacion","category-noticias","tag-innovacion","tag-investigacion-2"],"_links":{"self":[{"href":"https:\/\/ucentral.org\/informativo\/index.php\/wp-json\/wp\/v2\/posts\/993","targetHints":{"allow":["GET"]}}],"collection":[{"href":"https:\/\/ucentral.org\/informativo\/index.php\/wp-json\/wp\/v2\/posts"}],"about":[{"href":"https:\/\/ucentral.org\/informativo\/index.php\/wp-json\/wp\/v2\/types\/post"}],"author":[{"embeddable":true,"href":"https:\/\/ucentral.org\/informativo\/index.php\/wp-json\/wp\/v2\/users\/2"}],"replies":[{"embeddable":true,"href":"https:\/\/ucentral.org\/informativo\/index.php\/wp-json\/wp\/v2\/comments?post=993"}],"version-history":[{"count":8,"href":"https:\/\/ucentral.org\/informativo\/index.php\/wp-json\/wp\/v2\/posts\/993\/revisions"}],"predecessor-version":[{"id":1007,"href":"https:\/\/ucentral.org\/informativo\/index.php\/wp-json\/wp\/v2\/posts\/993\/revisions\/1007"}],"wp:featuredmedia":[{"embeddable":true,"href":"https:\/\/ucentral.org\/informativo\/index.php\/wp-json\/wp\/v2\/media\/997"}],"wp:attachment":[{"href":"https:\/\/ucentral.org\/informativo\/index.php\/wp-json\/wp\/v2\/media?parent=993"}],"wp:term":[{"taxonomy":"category","embeddable":true,"href":"https:\/\/ucentral.org\/informativo\/index.php\/wp-json\/wp\/v2\/categories?post=993"},{"taxonomy":"post_tag","embeddable":true,"href":"https:\/\/ucentral.org\/informativo\/index.php\/wp-json\/wp\/v2\/tags?post=993"}],"curies":[{"name":"wp","href":"https:\/\/api.w.org\/{rel}","templated":true}]}}